{"id":4157,"date":"2024-12-11T21:01:18","date_gmt":"2024-12-12T03:01:18","guid":{"rendered":"https:\/\/merkai.com.mx\/?p=4157"},"modified":"2024-12-12T11:26:24","modified_gmt":"2024-12-12T17:26:24","slug":"dias-inhabiles-sat-y-secretaria-de-economia-diciembre-2024","status":"publish","type":"post","link":"https:\/\/merkai.com.mx\/en\/blog\/dias-inhabiles-sat-y-secretaria-de-economia-diciembre-2024","title":{"rendered":"D\u00edas Inh\u00e1biles SAT y Secretar\u00eda de Econom\u00eda: diciembre 2024"},"content":{"rendered":"<div data-elementor-type=\"wp-post\" data-elementor-id=\"4157\" class=\"elementor elementor-4157\">\n\t\t\t\t\t\t<section class=\"elementor-section elementor-top-section elementor-element elementor-element-b526175 elementor-section-boxed elementor-section-height-default elementor-section-height-default\" data-id=\"b526175\" data-element_type=\"section\" data-e-type=\"section\">\n\t\t\t\t\t\t<div class=\"elementor-container elementor-column-gap-default\">\n\t\t\t\t\t<div class=\"elementor-column elementor-col-100 elementor-top-column elementor-element elementor-element-ce4846f\" data-id=\"ce4846f\" data-element_type=\"column\" data-e-type=\"column\">\n\t\t\t<div class=\"elementor-widget-wrap\">\n\t\t\t\t\t\t\t<\/div>\n\t\t<\/div>\n\t\t\t\t\t<\/div>\n\t\t<\/section>\n\t\t\t\t<section class=\"elementor-section elementor-top-section elementor-element elementor-element-6a056d5 elementor-section-boxed elementor-section-height-default elementor-section-height-default\" data-id=\"6a056d5\" data-element_type=\"section\" data-e-type=\"section\">\n\t\t\t\t\t\t<div class=\"elementor-container elementor-column-gap-default\">\n\t\t\t\t\t<div class=\"elementor-column elementor-col-100 elementor-top-column elementor-element elementor-element-778cbe2\" data-id=\"778cbe2\" data-element_type=\"column\" data-e-type=\"column\">\n\t\t\t<div class=\"elementor-widget-wrap elementor-element-populated\">\n\t\t\t\t\t\t<div class=\"elementor-element elementor-element-0e408ae elementor-widget elementor-widget-image\" data-id=\"0e408ae\" data-element_type=\"widget\" data-e-type=\"widget\" data-widget_type=\"image.default\">\n\t\t\t\t<div class=\"elementor-widget-container\">\n\t\t\t\t\t\t\t\t\t\t\t\t\t\t\t<img fetchpriority=\"high\" decoding=\"async\" width=\"1170\" height=\"536\" src=\"https:\/\/merkai.com.mx\/wp-content\/uploads\/2021\/11\/calendario-para-el-ano-2021-la-semana-comienza-con-el-domingo-ilustracion-3d-aislada-sobre-fondo-blanco-2g1at8h-e1641273322567-1170x536.jpeg\" class=\"attachment-htmega_size_1170x536 size-htmega_size_1170x536 wp-image-2153\" alt=\"\" \/>\t\t\t\t\t\t\t\t\t\t\t\t\t\t\t<\/div>\n\t\t\t\t<\/div>\n\t\t\t\t<div class=\"elementor-element elementor-element-b9b7e47 elementor-widget elementor-widget-heading\" data-id=\"b9b7e47\" data-element_type=\"widget\" data-e-type=\"widget\" data-widget_type=\"heading.default\">\n\t\t\t\t<div class=\"elementor-widget-container\">\n\t\t\t\t\t<h2 class=\"elementor-heading-title elementor-size-default\">SAT<\/h2>\t\t\t\t<\/div>\n\t\t\t\t<\/div>\n\t\t\t\t<div class=\"elementor-element elementor-element-ad6efd8 elementor-widget elementor-widget-text-editor\" data-id=\"ad6efd8\" data-element_type=\"widget\" data-e-type=\"widget\" data-widget_type=\"text-editor.default\">\n\t\t\t\t<div class=\"elementor-widget-container\">\n\t\t\t\t\t\t\t\t\t<p>El d\u00eda de hoy la el <b>Servicio de Administraci\u00f3n Tributar\u00eda<\/b>\u00a0 ha publicado en el Diario oficial de la Federaci\u00f3n la <strong>TERCERA Resoluci\u00f3n de Modificaciones a la Resoluci\u00f3n Miscel\u00e1nea Fiscal para 2024<\/strong>, en el cual se se da a conocer el periodo vacacional para el SAT en los d\u00edas comprendidos<strong> 23 al 31 de diciembre de 2024<\/strong>.\u00a0<\/p><p>Por lo tanto, se considerar\u00e1n como <strong>inh\u00e1biles<\/strong> para todo el c\u00f3mputo de plazos de conformidad con el Art\u00edculo 12, primer y segundo p\u00e1rrafos del CFF<\/p>\t\t\t\t\t\t\t\t<\/div>\n\t\t\t\t<\/div>\n\t\t\t\t<div class=\"elementor-element elementor-element-e59ad91 elementor-widget elementor-widget-heading\" data-id=\"e59ad91\" data-element_type=\"widget\" data-e-type=\"widget\" data-widget_type=\"heading.default\">\n\t\t\t\t<div class=\"elementor-widget-container\">\n\t\t\t\t\t<h2 class=\"elementor-heading-title elementor-size-default\">Secretar\u00eda de Econom\u00eda<\/h2>\t\t\t\t<\/div>\n\t\t\t\t<\/div>\n\t\t\t\t<div class=\"elementor-element elementor-element-93bd8b7 elementor-align-center elementor-widget elementor-widget-button\" data-id=\"93bd8b7\" data-element_type=\"widget\" data-e-type=\"widget\" data-widget_type=\"button.default\">\n\t\t\t\t<div class=\"elementor-widget-container\">\n\t\t\t\t\t\t\t\t\t<div class=\"elementor-button-wrapper\">\n\t\t\t\t\t<a class=\"elementor-button elementor-button-link elementor-size-sm\" href=\"https:\/\/www.dof.gob.mx\/nota_detalle.php?codigo=5745025&#038;fecha=12\/12\/2024#gsc.tab=0\" target=\"_blank\" rel=\"noopener\">\n\t\t\t\t\t\t<span class=\"elementor-button-content-wrapper\">\n\t\t\t\t\t\t<span class=\"elementor-button-icon\">\n\t\t\t\t<i aria-hidden=\"true\" class=\"fas fa-file-download\"><\/i>\t\t\t<\/span>\n\t\t\t\t\t\t\t\t\t<span class=\"elementor-button-text\">Consulta la publicaci\u00f3n aqu\u00ed<\/span>\n\t\t\t\t\t<\/span>\n\t\t\t\t\t<\/a>\n\t\t\t\t<\/div>\n\t\t\t\t\t\t\t\t<\/div>\n\t\t\t\t<\/div>\n\t\t\t\t<div class=\"elementor-element elementor-element-0c8eca2 elementor-widget elementor-widget-text-editor\" data-id=\"0c8eca2\" data-element_type=\"widget\" data-e-type=\"widget\" data-widget_type=\"text-editor.default\">\n\t\t\t\t<div class=\"elementor-widget-container\">\n\t\t\t\t\t\t\t\t\t<p>La <b>Secretar\u00eda de Econom\u00eda<\/b> ha dado a conocer mediante un anteproyecto <b>los plazos oficiales que se consideran como inh\u00e1biles para este diciembre 2024<\/b>, dentro del periodo de d\u00edas comprendidos del <b>19 de diciembre de 2024 al 3 de enero de 2025<\/b><strong>, <\/strong>por lo tanto, no se computar\u00e1n los plazos y t\u00e9rminos procesales que establecen las leyes, reglamentos y dem\u00e1s disposiciones aplicables, correspondientes a los procedimientos administrativos que se substancien ante la Secretar\u00eda de Econom\u00eda.<\/p><p>Cualquier documento presentado ante la SE durante este periodo, se entender\u00e1 recibido el 6 de enero de 2024, por lo que recomendamos se tomen las medidas necesarias para evitar contratiempos en los tr\u00e1mites.<\/p>\t\t\t\t\t\t\t\t<\/div>\n\t\t\t\t<\/div>\n\t\t\t\t<div class=\"elementor-element elementor-element-89b9c90 elementor-align-center elementor-widget elementor-widget-button\" data-id=\"89b9c90\" data-element_type=\"widget\" data-e-type=\"widget\" data-widget_type=\"button.default\">\n\t\t\t\t<div class=\"elementor-widget-container\">\n\t\t\t\t\t\t\t\t\t<div class=\"elementor-button-wrapper\">\n\t\t\t\t\t<a class=\"elementor-button elementor-button-link elementor-size-sm\" href=\"https:\/\/www.cofemersimir.gob.mx\/expediente\/30132\/mir\/57969\/regulacion\/7799049\" target=\"_blank\" rel=\"noopener\">\n\t\t\t\t\t\t<span class=\"elementor-button-content-wrapper\">\n\t\t\t\t\t\t<span class=\"elementor-button-icon\">\n\t\t\t\t<i aria-hidden=\"true\" class=\"fas fa-file-download\"><\/i>\t\t\t<\/span>\n\t\t\t\t\t\t\t\t\t<span class=\"elementor-button-text\">Consulta la publicaci\u00f3n aqu\u00ed<\/span>\n\t\t\t\t\t<\/span>\n\t\t\t\t\t<\/a>\n\t\t\t\t<\/div>\n\t\t\t\t\t\t\t\t<\/div>\n\t\t\t\t<\/div>\n\t\t\t\t<div class=\"elementor-element elementor-element-2dd53e9 elementor-widget elementor-widget-text-editor\" data-id=\"2dd53e9\" data-element_type=\"widget\" data-e-type=\"widget\" data-widget_type=\"text-editor.default\">\n\t\t\t\t<div class=\"elementor-widget-container\">\n\t\t\t\t\t\t\t\t\t<p style=\"text-align: right;\">Para m\u00e1s informaci\u00f3n y\/o dudas no duden en contactarnos: <span style=\"color: #000080;\"><strong><a style=\"color: #000080;\" href=\"mailto:contacto@merkai.com.mx\">contacto@merkai.com.mx<\/a><\/strong><\/span><\/p>\t\t\t\t\t\t\t\t<\/div>\n\t\t\t\t<\/div>\n\t\t\t\t\t<\/div>\n\t\t<\/div>\n\t\t\t\t\t<\/div>\n\t\t<\/section>\n\t\t\t\t<\/div>","protected":false},"excerpt":{"rendered":"<p>SAT El d\u00eda de hoy la el Servicio de Administraci\u00f3n Tributar\u00eda\u00a0 ha publicado en el Diario oficial de la Federaci\u00f3n la TERCERA Resoluci\u00f3n de Modificaciones a la Resoluci\u00f3n Miscel\u00e1nea Fiscal para 2024, en el cual se se da a conocer el periodo vacacional para el SAT en los d\u00edas comprendidos 23 al 31 de diciembre [&hellip;]<\/p>\n","protected":false},"author":1,"featured_media":2153,"comment_status":"open","ping_status":"open","sticky":false,"template":"","format":"standard","meta":{"site-sidebar-layout":"default","site-content-layout":"","ast-site-content-layout":"default","site-content-style":"default","site-sidebar-style":"default","ast-global-header-display":"","ast-banner-title-visibility":"","ast-main-header-display":"","ast-hfb-above-header-display":"","ast-hfb-below-header-display":"","ast-hfb-mobile-header-display":"","site-post-title":"","ast-breadcrumbs-content":"","ast-featured-img":"","footer-sml-layout":"","ast-disable-related-posts":"","theme-transparent-header-meta":"","adv-header-id-meta":"","stick-header-meta":"","header-above-stick-meta":"","header-main-stick-meta":"","header-below-stick-meta":"","astra-migrate-meta-layouts":"set","ast-page-background-enabled":"default","ast-page-background-meta":{"desktop":{"background-color":"","background-image":"","background-repeat":"repeat","background-position":"center center","background-size":"auto","background-attachment":"scroll","background-type":"","background-media":"","overlay-type":"","overlay-color":"","overlay-opacity":"","overlay-gradient":""},"tablet":{"background-color":"","background-image":"","background-repeat":"repeat","background-position":"center center","background-size":"auto","background-attachment":"scroll","background-type":"","background-media":"","overlay-type":"","overlay-color":"","overlay-opacity":"","overlay-gradient":""},"mobile":{"background-color":"","background-image":"","background-repeat":"repeat","background-position":"center center","background-size":"auto","background-attachment":"scroll","background-type":"","background-media":"","overlay-type":"","overlay-color":"","overlay-opacity":"","overlay-gradient":""}},"ast-content-background-meta":{"desktop":{"background-color":"var(--ast-global-color-5)","background-image":"","background-repeat":"repeat","background-position":"center center","background-size":"auto","background-attachment":"scroll","background-type":"","background-media":"","overlay-type":"","overlay-color":"","overlay-opacity":"","overlay-gradient":""},"tablet":{"background-color":"var(--ast-global-color-5)","background-image":"","background-repeat":"repeat","background-position":"center center","background-size":"auto","background-attachment":"scroll","background-type":"","background-media":"","overlay-type":"","overlay-color":"","overlay-opacity":"","overlay-gradient":""},"mobile":{"background-color":"var(--ast-global-color-5)","background-image":"","background-repeat":"repeat","background-position":"center center","background-size":"auto","background-attachment":"scroll","background-type":"","background-media":"","overlay-type":"","overlay-color":"","overlay-opacity":"","overlay-gradient":""}},"footnotes":""},"categories":[12],"tags":[],"class_list":["post-4157","post","type-post","status-publish","format-standard","has-post-thumbnail","hentry","category-actualidad"],"_links":{"self":[{"href":"https:\/\/merkai.com.mx\/en\/wp-json\/wp\/v2\/posts\/4157","targetHints":{"allow":["GET"]}}],"collection":[{"href":"https:\/\/merkai.com.mx\/en\/wp-json\/wp\/v2\/posts"}],"about":[{"href":"https:\/\/merkai.com.mx\/en\/wp-json\/wp\/v2\/types\/post"}],"author":[{"embeddable":true,"href":"https:\/\/merkai.com.mx\/en\/wp-json\/wp\/v2\/users\/1"}],"replies":[{"embeddable":true,"href":"https:\/\/merkai.com.mx\/en\/wp-json\/wp\/v2\/comments?post=4157"}],"version-history":[{"count":11,"href":"https:\/\/merkai.com.mx\/en\/wp-json\/wp\/v2\/posts\/4157\/revisions"}],"predecessor-version":[{"id":4170,"href":"https:\/\/merkai.com.mx\/en\/wp-json\/wp\/v2\/posts\/4157\/revisions\/4170"}],"wp:featuredmedia":[{"embeddable":true,"href":"https:\/\/merkai.com.mx\/en\/wp-json\/wp\/v2\/media\/2153"}],"wp:attachment":[{"href":"https:\/\/merkai.com.mx\/en\/wp-json\/wp\/v2\/media?parent=4157"}],"wp:term":[{"taxonomy":"category","embeddable":true,"href":"https:\/\/merkai.com.mx\/en\/wp-json\/wp\/v2\/categories?post=4157"},{"taxonomy":"post_tag","embeddable":true,"href":"https:\/\/merkai.com.mx\/en\/wp-json\/wp\/v2\/tags?post=4157"}],"curies":[{"name":"wp","href":"https:\/\/api.w.org\/{rel}","templated":true}]}}