{"id":1804,"date":"2022-03-09T15:49:00","date_gmt":"2022-03-09T21:49:00","guid":{"rendered":"https:\/\/merkai.com.mx\/?p=1804"},"modified":"2022-03-11T14:48:21","modified_gmt":"2022-03-11T20:48:21","slug":"prorroga-complemento-carta-porte","status":"publish","type":"post","link":"https:\/\/merkai.com.mx\/en\/blog\/prorroga-complemento-carta-porte","title":{"rendered":"Pr\u00f3rrogas Complemento Carta Porte"},"content":{"rendered":"<div data-elementor-type=\"wp-post\" data-elementor-id=\"1804\" class=\"elementor elementor-1804\">\n\t\t\t\t\t\t<section class=\"elementor-section elementor-top-section elementor-element elementor-element-9297a87 elementor-section-boxed elementor-section-height-default elementor-section-height-default\" data-id=\"9297a87\" data-element_type=\"section\" data-e-type=\"section\">\n\t\t\t\t\t\t<div class=\"elementor-container elementor-column-gap-default\">\n\t\t\t\t\t<div class=\"elementor-column elementor-col-100 elementor-top-column elementor-element elementor-element-2ab7168\" data-id=\"2ab7168\" data-element_type=\"column\" data-e-type=\"column\">\n\t\t\t<div class=\"elementor-widget-wrap elementor-element-populated\">\n\t\t\t\t\t\t<div class=\"elementor-element elementor-element-45c64aa elementor-widget elementor-widget-image\" data-id=\"45c64aa\" data-element_type=\"widget\" data-e-type=\"widget\" data-widget_type=\"image.default\">\n\t\t\t\t<div class=\"elementor-widget-container\">\n\t\t\t\t\t\t\t\t\t\t\t\t\t\t\t<img fetchpriority=\"high\" decoding=\"async\" width=\"1170\" height=\"536\" src=\"https:\/\/merkai.com.mx\/wp-content\/uploads\/2021\/09\/pexels-kevin-bidwell-2348359-1170x536.jpg\" class=\"attachment-htmega_size_1170x536 size-htmega_size_1170x536 wp-image-1806\" alt=\"\" \/>\t\t\t\t\t\t\t\t\t\t\t\t\t\t\t<\/div>\n\t\t\t\t<\/div>\n\t\t\t\t<div class=\"elementor-element elementor-element-0eb1096 elementor-widget elementor-widget-text-editor\" data-id=\"0eb1096\" data-element_type=\"widget\" data-e-type=\"widget\" data-widget_type=\"text-editor.default\">\n\t\t\t\t<div class=\"elementor-widget-container\">\n\t\t\t\t\t\t\t\t\t<p>El d\u00eda 3 de agosto de 2021, la C\u00e1mara Nacional del Autotransporte de Carga (CANACAR) dio a conocer mediante su cuenta de Twitter que ha llegado a una negociaci\u00f3n con el SAT para prorrogar la fecha a partir de la cual el complemento de carta porte ser\u00e1 obligatorio en el CFDI.<\/p>\t\t\t\t\t\t\t\t<\/div>\n\t\t\t\t<\/div>\n\t\t\t\t<div class=\"elementor-element elementor-element-542fb6e elementor-widget elementor-widget-html\" data-id=\"542fb6e\" data-element_type=\"widget\" data-e-type=\"widget\" data-widget_type=\"html.default\">\n\t\t\t\t<div class=\"elementor-widget-container\">\n\t\t\t\t\t<blockquote class=\"twitter-tweet\"><p lang=\"es\" dir=\"ltr\">Luego de varias mesas de trabajo donde <a href=\"https:\/\/twitter.com\/hashtag\/CANACAR?src=hash&amp;ref_src=twsrc%5Etfw\" target=\"_blank\" rel=\"noopener\">#CANACAR<\/a> sensibiliz\u00f3 sobre los desaf\u00edos para cumplir con el Complemento Carta Porte; Raquel Buenrostro, jefa del <a href=\"https:\/\/twitter.com\/SATMX?ref_src=twsrc%5Etfw\" target=\"_blank\" rel=\"noopener\">@SATMX<\/a>, confirm\u00f3 hoy la pr\u00f3rroga para que entr\u00e9 en vigor en enero 2022.Seguiremos buscando c\u00f3mo implementarlo adecuadamente.1\/2<\/p>&mdash; CANACAR (@canacarmexico) <a href=\"https:\/\/twitter.com\/canacarmexico\/status\/1433865481153236994?ref_src=twsrc%5Etfw\" target=\"_blank\" rel=\"noopener\">September 3, 2021<\/a><\/blockquote> <script async src=\"https:\/\/platform.twitter.com\/widgets.js\" charset=\"utf-8\"><\/script>\t\t\t\t<\/div>\n\t\t\t\t<\/div>\n\t\t\t\t<div class=\"elementor-element elementor-element-ffa3414 elementor-widget elementor-widget-text-editor\" data-id=\"ffa3414\" data-element_type=\"widget\" data-e-type=\"widget\" data-widget_type=\"text-editor.default\">\n\t\t\t\t<div class=\"elementor-widget-container\">\n\t\t\t\t\t\t\t\t\t<p style=\"text-align: right;\"><strong><em>Actualizaci\u00f3n 4 septiembre:<\/em><\/strong><\/p><p>El 4 de septiembre, la CANACAR dio a conocer la circular 360\/2021, donde se comunican los siguientes acuerdos logrados con el SAT:<\/p><ul><li>Habr\u00e1 pr\u00f3rroga hasta el 30 de noviembre de 2021 y un periodo de prueba del 1 al 31 de diciembre.<\/li><li>El complemento ser\u00eda obligatorio a partir del 1 de enero del a\u00f1o 2022.<\/li><\/ul><p><span style=\"color: var( --e-global-color-primary ); font-family: var( --e-global-typography-text-font-family ), Sans-serif; font-weight: var( --e-global-typography-text-font-weight ); font-size: 1rem;\">Dicho complemento deber\u00e1 de ser incorporado en los CFDI que amparen el transporte de bienes dentro del territorio nacional.<\/span><\/p><p>Cabe destacar que para que esta pr\u00f3rroga surta efectos, se deber\u00e1n dar a conocer las modificaciones pertinentes en la regulaci\u00f3n. El SAT se comprometi\u00f3 a realizar estos cambios a mas tardar el 15 de septiembre.<span style=\"color: var( --e-global-color-primary ); font-family: var( --e-global-typography-text-font-family ), Sans-serif; font-weight: var( --e-global-typography-text-font-weight ); font-size: 1rem;\"><br \/><\/span><\/p>\t\t\t\t\t\t\t\t<\/div>\n\t\t\t\t<\/div>\n\t\t\t\t<div class=\"elementor-element elementor-element-788f661 elementor-align-center elementor-widget elementor-widget-button\" data-id=\"788f661\" data-element_type=\"widget\" data-e-type=\"widget\" data-widget_type=\"button.default\">\n\t\t\t\t<div class=\"elementor-widget-container\">\n\t\t\t\t\t\t\t\t\t<div class=\"elementor-button-wrapper\">\n\t\t\t\t\t<a class=\"elementor-button elementor-button-link elementor-size-sm\" href=\"https:\/\/merkai.com.mx\/wp-content\/uploads\/2021\/09\/CIRCULAR-360-2021.pdf\" target=\"_blank\">\n\t\t\t\t\t\t<span class=\"elementor-button-content-wrapper\">\n\t\t\t\t\t\t<span class=\"elementor-button-icon\">\n\t\t\t\t<i aria-hidden=\"true\" class=\"fas fa-file-download\"><\/i>\t\t\t<\/span>\n\t\t\t\t\t\t\t\t\t<span class=\"elementor-button-text\">Descarga el bolet\u00edn 360\/2021<\/span>\n\t\t\t\t\t<\/span>\n\t\t\t\t\t<\/a>\n\t\t\t\t<\/div>\n\t\t\t\t\t\t\t\t<\/div>\n\t\t\t\t<\/div>\n\t\t\t\t<div class=\"elementor-element elementor-element-96ec09f elementor-widget elementor-widget-text-editor\" data-id=\"96ec09f\" data-element_type=\"widget\" data-e-type=\"widget\" data-widget_type=\"text-editor.default\">\n\t\t\t\t<div class=\"elementor-widget-container\">\n\t\t\t\t\t\t\t\t\t<p><span style=\"font-style: inherit; font-weight: inherit; color: var( --e-global-color-primary ); font-family: var( --e-global-typography-text-font-family ), Sans-serif;\">El complemento de Carta Porte fue dado a conocer en la publicaci\u00f3n de la Resoluci\u00f3n Miscel\u00e1nea Fiscal para 2021.\u00a0<\/span><span style=\"font-style: inherit; font-weight: inherit; color: var( --e-global-color-primary ); font-family: var( --e-global-typography-text-font-family ), Sans-serif;\">Entr\u00f3 en vigor el 1 de junio de 2021, desde entonces su uso ha sido opcional.<\/span><\/p><p><span style=\"font-style: inherit; font-weight: inherit; color: var( --e-global-color-primary ); font-family: var( --e-global-typography-text-font-family ), Sans-serif;\">La publicaci\u00f3n original se\u00f1alaba que, a partir del 1 de septiembre de 2021, su fuera obligatorio en todas las operaciones.<\/span><\/p>\t\t\t\t\t\t\t\t<\/div>\n\t\t\t\t<\/div>\n\t\t\t\t<div class=\"elementor-element elementor-element-5328bad elementor-widget elementor-widget-text-editor\" data-id=\"5328bad\" data-element_type=\"widget\" data-e-type=\"widget\" data-widget_type=\"text-editor.default\">\n\t\t\t\t<div class=\"elementor-widget-container\">\n\t\t\t\t\t\t\t\t\t<p style=\"text-align: right;\"><strong><em>Actualizaci\u00f3n 22 septiembre:<\/em><\/strong><\/p><p>Con la finalidad de hacer oficial el cambio, el d\u00eda 22 de septiembre, mediante el portal del Sistema de Administraci\u00f3n Tributaria (SAT), se ha dado a conocer la <b>PRIMERA VERSI\u00d3N ANTICIPAD<\/b><strong>A<\/strong> de la <b>TERCERA RESOLUCI\u00d3N DE MODIFICACIONES A LA RESOLUCI\u00d3N MISCEL\u00c1NEA FISCAL PARA 2021<\/b> en donde se da a conocer que la nueva fecha a partir de la cual ser\u00e1 obligatorio el uso del complemento carta porte es el <b>1 de diciembre de 2021<\/b>.<\/p>\t\t\t\t\t\t\t\t<\/div>\n\t\t\t\t<\/div>\n\t\t\t\t<div class=\"elementor-element elementor-element-39538cc elementor-align-center elementor-widget elementor-widget-button\" data-id=\"39538cc\" data-element_type=\"widget\" data-e-type=\"widget\" data-widget_type=\"button.default\">\n\t\t\t\t<div class=\"elementor-widget-container\">\n\t\t\t\t\t\t\t\t\t<div class=\"elementor-button-wrapper\">\n\t\t\t\t\t<a class=\"elementor-button elementor-button-link elementor-size-sm\" href=\"https:\/\/merkai.com.mx\/wp-content\/uploads\/2021\/11\/3a_RMRMF2021_primera_version_anticipada-21092021.pdf\" target=\"_blank\">\n\t\t\t\t\t\t<span class=\"elementor-button-content-wrapper\">\n\t\t\t\t\t\t<span class=\"elementor-button-icon\">\n\t\t\t\t<i aria-hidden=\"true\" class=\"fas fa-file-download\"><\/i>\t\t\t<\/span>\n\t\t\t\t\t\t\t\t\t<span class=\"elementor-button-text\">Consulta la Primera Version Anticipada de la 3ra modificaci\u00f3n a la RMF 2021<\/span>\n\t\t\t\t\t<\/span>\n\t\t\t\t\t<\/a>\n\t\t\t\t<\/div>\n\t\t\t\t\t\t\t\t<\/div>\n\t\t\t\t<\/div>\n\t\t\t\t\t<\/div>\n\t\t<\/div>\n\t\t\t\t\t<\/div>\n\t\t<\/section>\n\t\t\t\t<section class=\"elementor-section elementor-top-section elementor-element elementor-element-e1048b5 elementor-section-boxed elementor-section-height-default elementor-section-height-default\" data-id=\"e1048b5\" data-element_type=\"section\" data-e-type=\"section\">\n\t\t\t\t\t\t<div class=\"elementor-container elementor-column-gap-default\">\n\t\t\t\t\t<div class=\"elementor-column elementor-col-100 elementor-top-column elementor-element elementor-element-9a567ec\" data-id=\"9a567ec\" data-element_type=\"column\" data-e-type=\"column\">\n\t\t\t<div class=\"elementor-widget-wrap elementor-element-populated\">\n\t\t\t\t\t\t<div class=\"elementor-element elementor-element-35cb85e elementor-widget elementor-widget-text-editor\" data-id=\"35cb85e\" data-element_type=\"widget\" data-e-type=\"widget\" data-widget_type=\"text-editor.default\">\n\t\t\t\t<div class=\"elementor-widget-container\">\n\t\t\t\t\t\t\t\t\t<p style=\"text-align: right;\"><strong><em>Actualizaci\u00f3n 24 Noviembre:<\/em><\/strong><\/p><p>El d\u00eda de hoy se public\u00f3 la primera versi\u00f3n anticipada de la Cuarta Resoluci\u00f3n de Modificaciones a la Resoluci\u00f3n Miscel\u00e1nea Fiscal para 2021, en la cual se establece que <strong>se extiende al 1 de enero de 2022 el inicio de la obligatoriedad del Complemento Carta Porte. <\/strong><\/p><p>Por lo anterior, <span style=\"text-decoration: underline;\">queda anulado el periodo de prueba del 1 al 31 de diciembre de 2021.<\/span><\/p>\t\t\t\t\t\t\t\t<\/div>\n\t\t\t\t<\/div>\n\t\t\t\t<div class=\"elementor-element elementor-element-65798b5 elementor-align-center elementor-widget elementor-widget-button\" data-id=\"65798b5\" data-element_type=\"widget\" data-e-type=\"widget\" data-widget_type=\"button.default\">\n\t\t\t\t<div class=\"elementor-widget-container\">\n\t\t\t\t\t\t\t\t\t<div class=\"elementor-button-wrapper\">\n\t\t\t\t\t<a class=\"elementor-button elementor-button-link elementor-size-sm\" href=\"https:\/\/www.sat.gob.mx\/cs\/Satellite?blobcol=urldata&#038;blobkey=id&#038;blobtable=MungoBlobs&#038;blobwhere=1461175066203&#038;ssbinary=true\" target=\"_blank\" rel=\"noopener\">\n\t\t\t\t\t\t<span class=\"elementor-button-content-wrapper\">\n\t\t\t\t\t\t<span class=\"elementor-button-icon\">\n\t\t\t\t<i aria-hidden=\"true\" class=\"fas fa-file-download\"><\/i>\t\t\t<\/span>\n\t\t\t\t\t\t\t\t\t<span class=\"elementor-button-text\">Consulta la Cuarta Resoluci\u00f3n de Modificaciones a la RMF para 2021<\/span>\n\t\t\t\t\t<\/span>\n\t\t\t\t\t<\/a>\n\t\t\t\t<\/div>\n\t\t\t\t\t\t\t\t<\/div>\n\t\t\t\t<\/div>\n\t\t\t\t\t<\/div>\n\t\t<\/div>\n\t\t\t\t\t<\/div>\n\t\t<\/section>\n\t\t\t\t<section class=\"elementor-section elementor-top-section elementor-element elementor-element-cfd41e2 elementor-section-boxed elementor-section-height-default elementor-section-height-default\" data-id=\"cfd41e2\" data-element_type=\"section\" data-e-type=\"section\">\n\t\t\t\t\t\t<div class=\"elementor-container elementor-column-gap-default\">\n\t\t\t\t\t<div class=\"elementor-column elementor-col-100 elementor-top-column elementor-element elementor-element-339bd88\" data-id=\"339bd88\" data-element_type=\"column\" data-e-type=\"column\">\n\t\t\t<div class=\"elementor-widget-wrap elementor-element-populated\">\n\t\t\t\t\t\t<div class=\"elementor-element elementor-element-d0ff805 elementor-widget elementor-widget-text-editor\" data-id=\"d0ff805\" data-element_type=\"widget\" data-e-type=\"widget\" data-widget_type=\"text-editor.default\">\n\t\t\t\t<div class=\"elementor-widget-container\">\n\t\t\t\t\t\t\t\t\t<p style=\"text-align: right;\"><strong><em>Actualizaci\u00f3n 11 marzo 2022:<\/em><\/strong><\/p><p>El d\u00eda 9 de marzo de 2022 se ha dado a conocer en el portal del SAT,\u00a0 la primera versi\u00f3n anticipada de Tercera resoluci\u00f3n de modificaciones a la Resoluci\u00f3n Miscel\u00e1nea Fiscal para 2022, en la cual <strong>se extiende del 31 de marzo al 30 de septiembre de 2022 <\/strong>el periodo en el cual se puede expedir el complemento carta porte sin cumplir con la totalidad de los requisitos se\u00f1alados.<\/p><p>Cabe se\u00f1alar que desde el 1 de enero de 2022, es obligatoria la emisi\u00f3n del complemento &#8220;Carta Porte&#8221; en las operaci\u00f3n de traslado de mercanc\u00edas, sin embargo por el momento, no es multable el hecho de contar con errores en alg\u00fan requisito de dicho complemento.<\/p><p>Esta pr\u00f3rroga otorga a los contribuyentes un mayor tiempo para adaptar sus operaciones al cumplimiento de todos los requisitos del complemento Carta Porte.<\/p>\t\t\t\t\t\t\t\t<\/div>\n\t\t\t\t<\/div>\n\t\t\t\t<div class=\"elementor-element elementor-element-cb52845 elementor-align-center elementor-widget elementor-widget-button\" data-id=\"cb52845\" data-element_type=\"widget\" data-e-type=\"widget\" data-widget_type=\"button.default\">\n\t\t\t\t<div class=\"elementor-widget-container\">\n\t\t\t\t\t\t\t\t\t<div class=\"elementor-button-wrapper\">\n\t\t\t\t\t<a class=\"elementor-button elementor-button-link elementor-size-sm\" href=\"https:\/\/merkai.com.mx\/wp-content\/uploads\/2022\/03\/3a_RMRMF2022-primera_version_anticipada-09032022.pdf\" target=\"_blank\">\n\t\t\t\t\t\t<span class=\"elementor-button-content-wrapper\">\n\t\t\t\t\t\t<span class=\"elementor-button-icon\">\n\t\t\t\t<i aria-hidden=\"true\" class=\"fas fa-file-download\"><\/i>\t\t\t<\/span>\n\t\t\t\t\t\t\t\t\t<span class=\"elementor-button-text\">Consulta la primera versi\u00f3n anticipada de Tercera resoluci\u00f3n de modificaciones a la RMF 2022<\/span>\n\t\t\t\t\t<\/span>\n\t\t\t\t\t<\/a>\n\t\t\t\t<\/div>\n\t\t\t\t\t\t\t\t<\/div>\n\t\t\t\t<\/div>\n\t\t\t\t<div class=\"elementor-element elementor-element-ea1337e elementor-widget elementor-widget-text-editor\" data-id=\"ea1337e\" data-element_type=\"widget\" data-e-type=\"widget\" data-widget_type=\"text-editor.default\">\n\t\t\t\t<div class=\"elementor-widget-container\">\n\t\t\t\t\t\t\t\t\t<p>\u00a0<\/p><p style=\"text-align: right;\">Para m\u00e1s informaci\u00f3n o cualquier duda, no dudes en contactarnos: <span style=\"color: #0000ff;\"><a style=\"color: #0000ff;\" href=\"mailto:contacto@merkai.com.mx\"><strong>contacto@merkai.com.mx<\/strong><\/a><\/span><\/p>\t\t\t\t\t\t\t\t<\/div>\n\t\t\t\t<\/div>\n\t\t\t\t\t<\/div>\n\t\t<\/div>\n\t\t\t\t\t<\/div>\n\t\t<\/section>\n\t\t\t\t<\/div>","protected":false},"excerpt":{"rendered":"<p>El d\u00eda 3 de agosto de 2021, la C\u00e1mara Nacional del Autotransporte de Carga (CANACAR) dio a conocer mediante su cuenta de Twitter que ha llegado a una negociaci\u00f3n con el SAT para prorrogar la fecha a partir de la cual el complemento de carta porte ser\u00e1 obligatorio en el CFDI. Luego de varias mesas [&hellip;]<\/p>\n","protected":false},"author":1,"featured_media":1806,"comment_status":"open","ping_status":"open","sticky":false,"template":"","format":"standard","meta":{"site-sidebar-layout":"default","site-content-layout":"default","ast-site-content-layout":"default","site-content-style":"default","site-sidebar-style":"default","ast-global-header-display":"","ast-banner-title-visibility":"","ast-main-header-display":"","ast-hfb-above-header-display":"","ast-hfb-below-header-display":"","ast-hfb-mobile-header-display":"","site-post-title":"","ast-breadcrumbs-content":"","ast-featured-img":"","footer-sml-layout":"","ast-disable-related-posts":"","theme-transparent-header-meta":"default","adv-header-id-meta":"","stick-header-meta":"","header-above-stick-meta":"","header-main-stick-meta":"","header-below-stick-meta":"","astra-migrate-meta-layouts":"default","ast-page-background-enabled":"default","ast-page-background-meta":{"desktop":{"background-color":"","background-image":"","background-repeat":"repeat","background-position":"center center","background-size":"auto","background-attachment":"scroll","background-type":"","background-media":"","overlay-type":"","overlay-color":"","overlay-opacity":"","overlay-gradient":""},"tablet":{"background-color":"","background-image":"","background-repeat":"repeat","background-position":"center center","background-size":"auto","background-attachment":"scroll","background-type":"","background-media":"","overlay-type":"","overlay-color":"","overlay-opacity":"","overlay-gradient":""},"mobile":{"background-color":"","background-image":"","background-repeat":"repeat","background-position":"center center","background-size":"auto","background-attachment":"scroll","background-type":"","background-media":"","overlay-type":"","overlay-color":"","overlay-opacity":"","overlay-gradient":""}},"ast-content-background-meta":{"desktop":{"background-color":"var(--ast-global-color-5)","background-image":"","background-repeat":"repeat","background-position":"center center","background-size":"auto","background-attachment":"scroll","background-type":"","background-media":"","overlay-type":"","overlay-color":"","overlay-opacity":"","overlay-gradient":""},"tablet":{"background-color":"var(--ast-global-color-5)","background-image":"","background-repeat":"repeat","background-position":"center center","background-size":"auto","background-attachment":"scroll","background-type":"","background-media":"","overlay-type":"","overlay-color":"","overlay-opacity":"","overlay-gradient":""},"mobile":{"background-color":"var(--ast-global-color-5)","background-image":"","background-repeat":"repeat","background-position":"center center","background-size":"auto","background-attachment":"scroll","background-type":"","background-media":"","overlay-type":"","overlay-color":"","overlay-opacity":"","overlay-gradient":""}},"footnotes":""},"categories":[12],"tags":[],"class_list":["post-1804","post","type-post","status-publish","format-standard","has-post-thumbnail","hentry","category-actualidad"],"_links":{"self":[{"href":"https:\/\/merkai.com.mx\/en\/wp-json\/wp\/v2\/posts\/1804","targetHints":{"allow":["GET"]}}],"collection":[{"href":"https:\/\/merkai.com.mx\/en\/wp-json\/wp\/v2\/posts"}],"about":[{"href":"https:\/\/merkai.com.mx\/en\/wp-json\/wp\/v2\/types\/post"}],"author":[{"embeddable":true,"href":"https:\/\/merkai.com.mx\/en\/wp-json\/wp\/v2\/users\/1"}],"replies":[{"embeddable":true,"href":"https:\/\/merkai.com.mx\/en\/wp-json\/wp\/v2\/comments?post=1804"}],"version-history":[{"count":47,"href":"https:\/\/merkai.com.mx\/en\/wp-json\/wp\/v2\/posts\/1804\/revisions"}],"predecessor-version":[{"id":2586,"href":"https:\/\/merkai.com.mx\/en\/wp-json\/wp\/v2\/posts\/1804\/revisions\/2586"}],"wp:featuredmedia":[{"embeddable":true,"href":"https:\/\/merkai.com.mx\/en\/wp-json\/wp\/v2\/media\/1806"}],"wp:attachment":[{"href":"https:\/\/merkai.com.mx\/en\/wp-json\/wp\/v2\/media?parent=1804"}],"wp:term":[{"taxonomy":"category","embeddable":true,"href":"https:\/\/merkai.com.mx\/en\/wp-json\/wp\/v2\/categories?post=1804"},{"taxonomy":"post_tag","embeddable":true,"href":"https:\/\/merkai.com.mx\/en\/wp-json\/wp\/v2\/tags?post=1804"}],"curies":[{"name":"wp","href":"https:\/\/api.w.org\/{rel}","templated":true}]}}