{"id":1312,"date":"2021-05-06T20:56:25","date_gmt":"2021-05-07T02:56:25","guid":{"rendered":"https:\/\/merkai.com.mx\/?p=1312"},"modified":"2021-08-06T21:12:20","modified_gmt":"2021-08-07T03:12:20","slug":"primera-resolucion-de-modificaciones-a-la-resolucion-miscelanea-fiscal-para-2021","status":"publish","type":"post","link":"https:\/\/merkai.com.mx\/en\/blog\/primera-resolucion-de-modificaciones-a-la-resolucion-miscelanea-fiscal-para-2021","title":{"rendered":"Primera Resoluci\u00f3n de Modificaciones a la Resoluci\u00f3n Miscel\u00e1nea Fiscal para 2021"},"content":{"rendered":"<div data-elementor-type=\"wp-post\" data-elementor-id=\"1312\" class=\"elementor elementor-1312\">\n\t\t\t\t\t\t<section class=\"elementor-section elementor-top-section elementor-element elementor-element-2494b8b elementor-section-boxed elementor-section-height-default elementor-section-height-default\" data-id=\"2494b8b\" data-element_type=\"section\" data-e-type=\"section\">\n\t\t\t\t\t\t<div class=\"elementor-container elementor-column-gap-default\">\n\t\t\t\t\t<div class=\"elementor-column elementor-col-100 elementor-top-column elementor-element elementor-element-39ac79f\" data-id=\"39ac79f\" data-element_type=\"column\" data-e-type=\"column\">\n\t\t\t<div class=\"elementor-widget-wrap elementor-element-populated\">\n\t\t\t\t\t\t<div class=\"elementor-element elementor-element-28e1826 elementor-widget elementor-widget-heading\" data-id=\"28e1826\" data-element_type=\"widget\" data-e-type=\"widget\" data-widget_type=\"heading.default\">\n\t\t\t\t<div class=\"elementor-widget-container\">\n\t\t\t\t\t<h1 class=\"elementor-heading-title elementor-size-default\">Primera Resoluci\u00f3n de Modificaciones a la Resoluci\u00f3n Miscel\u00e1nea Fiscal para 2021<\/h1>\t\t\t\t<\/div>\n\t\t\t\t<\/div>\n\t\t\t\t\t<\/div>\n\t\t<\/div>\n\t\t\t\t\t<\/div>\n\t\t<\/section>\n\t\t\t\t<section class=\"elementor-section elementor-top-section elementor-element elementor-element-6286eff elementor-section-boxed elementor-section-height-default elementor-section-height-default\" data-id=\"6286eff\" data-element_type=\"section\" data-e-type=\"section\">\n\t\t\t\t\t\t<div class=\"elementor-container elementor-column-gap-default\">\n\t\t\t\t\t<div class=\"elementor-column elementor-col-100 elementor-top-column elementor-element elementor-element-50861ce\" data-id=\"50861ce\" data-element_type=\"column\" data-e-type=\"column\">\n\t\t\t<div class=\"elementor-widget-wrap elementor-element-populated\">\n\t\t\t\t\t\t<div class=\"elementor-element elementor-element-b2f1b9d elementor-widget elementor-widget-image\" data-id=\"b2f1b9d\" data-element_type=\"widget\" data-e-type=\"widget\" data-widget_type=\"image.default\">\n\t\t\t\t<div class=\"elementor-widget-container\">\n\t\t\t\t\t\t\t\t\t\t\t\t\t\t\t<img fetchpriority=\"high\" decoding=\"async\" width=\"768\" height=\"512\" src=\"https:\/\/merkai.com.mx\/wp-content\/uploads\/2021\/05\/reforma-fiscal-mxico-2020-768x512-1.jpg\" class=\"attachment-medium_large size-medium_large wp-image-1314\" alt=\"\" srcset=\"https:\/\/merkai.com.mx\/wp-content\/uploads\/2021\/05\/reforma-fiscal-mxico-2020-768x512-1.jpg 768w, https:\/\/merkai.com.mx\/wp-content\/uploads\/2021\/05\/reforma-fiscal-mxico-2020-768x512-1-300x200.jpg 300w, https:\/\/merkai.com.mx\/wp-content\/uploads\/2021\/05\/reforma-fiscal-mxico-2020-768x512-1-16x12.jpg 16w\" sizes=\"(max-width: 768px) 100vw, 768px\" \/>\t\t\t\t\t\t\t\t\t\t\t\t\t\t\t<\/div>\n\t\t\t\t<\/div>\n\t\t\t\t<div class=\"elementor-element elementor-element-16cb124 elementor-widget elementor-widget-text-editor\" data-id=\"16cb124\" data-element_type=\"widget\" data-e-type=\"widget\" data-widget_type=\"text-editor.default\">\n\t\t\t\t<div class=\"elementor-widget-container\">\n\t\t\t\t\t\t\t\t\t<p>El pasado 03 de mayo, se public\u00f3 en el Diario Oficial de la Federaci\u00f3n la Primera Resoluci\u00f3n de Modificaciones a la Resoluci\u00f3n Miscel\u00e1nea Fiscal para 2021. los cambios m\u00e1s significativos en materia de Comercio Exterior son los siguientes:<\/p><p><strong>Regla 4.4.4 \u2013 Consulta sobre exenci\u00f3n del IVA a la importaci\u00f3n (Anexo 27)<\/strong><\/p><p>Cuando en el Anexo 27 no se encuentre comprendida la Fracci\u00f3n Arancelaria y en su caso el NICO de la mercanc\u00eda a importar, y los importadores consideren que por dicha mercanc\u00eda no se encuentran obligadas al pago del IVA, se podr\u00e1 generar una consulta en t\u00e9rminos del del art\u00edculo 34 del CFF y de conformidad con la ficha de tr\u00e1mite 186\/CFF \u201cConsultas y autorizaciones en l\u00ednea\u201d, contenida en el Anexo 1-A.<\/p><p><strong>Regla 5.2.8 \u2013 Procedimiento para la solicitud y entrega de marbetes o precintos<\/strong><\/p><p>Trat\u00e1ndose de los contribuyentes cuyo domicilio fiscal corresponda a alguna de las ADSC que a continuaci\u00f3n se se\u00f1alan, en lugar de recoger los marbetes o precintos solicitados ante la ADSC que corresponda a su domicilio fiscal, se recoger\u00e1n en los siguientes lugares:<\/p>\t\t\t\t\t\t\t\t<\/div>\n\t\t\t\t<\/div>\n\t\t\t\t\t<\/div>\n\t\t<\/div>\n\t\t\t\t\t<\/div>\n\t\t<\/section>\n\t\t\t\t<section class=\"elementor-section elementor-top-section elementor-element elementor-element-6b8eceb elementor-section-boxed elementor-section-height-default elementor-section-height-default\" data-id=\"6b8eceb\" data-element_type=\"section\" data-e-type=\"section\">\n\t\t\t\t\t\t<div class=\"elementor-container elementor-column-gap-default\">\n\t\t\t\t\t<div class=\"elementor-column elementor-col-100 elementor-top-column elementor-element elementor-element-86e562a\" data-id=\"86e562a\" data-element_type=\"column\" data-e-type=\"column\">\n\t\t\t<div class=\"elementor-widget-wrap elementor-element-populated\">\n\t\t\t\t\t\t<div class=\"elementor-element elementor-element-16ac205 elementor-widget elementor-widget-text-editor\" data-id=\"16ac205\" data-element_type=\"widget\" data-e-type=\"widget\" data-widget_type=\"text-editor.default\">\n\t\t\t\t<div class=\"elementor-widget-container\">\n\t\t\t\t\t\t\t\t\t<table width=\"659\"><tbody><tr><td width=\"374\"><p><strong>Contribuyentes con domicilio fiscal en la circunscripci\u00f3n territorial de la ADSC de:<\/strong><\/p><\/td><td width=\"285\"><p><strong>Lugar de entrega de formas numeradas<\/strong><\/p><\/td><\/tr><tr><td width=\"374\"><p>Distrito Federal \u201c2\u201d<\/p><p>Distrito Federal \u201c1\u201d<\/p><p>Distrito Federal \u201c3\u201d<\/p><p>Distrito Federal \u201c4\u201d<\/p><p>M\u00e9xico \u201c2\u201d<\/p><p>M\u00e9xico \u201c1\u201d<\/p><p>Hidalgo \u201c1\u201d<\/p><p>Morelos \u201c1\u201d<\/p><p>Tlaxcala \u201c1\u201d<\/p><p>Puebla \u201c1\u201d<\/p><p>Puebla \u201c2\u201d<\/p><p>Guerrero \u201c1\u201d<\/p><p>Quer\u00e9taro \u201c1\u201d<\/p><p>Guanajuato \u201c3\u201d<\/p><\/td><td width=\"285\"><p>Administraci\u00f3n de Servicios Tributarios al Contribuyente 5, Almac\u00e9n de Marbetes y Precintos.<\/p><p>Calzada Legaria No. 662, Col. Irrigaci\u00f3n, Alcald\u00eda Miguel Hidalgo, C.P. 11500, Ciudad de M\u00e9xico.<\/p><\/td><\/tr><tr><td width=\"374\"><p>Jalisco \u201c1\u201d<\/p><p>Jalisco \u201c2\u201d<\/p><p>Jalisco \u201c3\u201d<\/p><p>Colima \u201c1\u201d<\/p><p>Nayarit \u201c1\u201d<\/p><p>Aguascalientes \u201c1\u201d<\/p><p>Zacatecas \u201c1\u201d<\/p><p>Guanajuato \u201c2\u201d<\/p><p>Michoac\u00e1n \u201c1\u201d<\/p><p>San Luis Potos\u00ed \u201c1\u201d<\/p><\/td><td width=\"285\"><p>ADSC de Jalisco \u201c1\u201d.<\/p><p>Av. De las Am\u00e9ricas 833, P.B., entre Florencia y Colomos, Col. Jes\u00fas Garc\u00eda, C.P. 44656, Guadalajara, Jal.<\/p><\/td><\/tr><\/tbody><\/table>\t\t\t\t\t\t\t\t<\/div>\n\t\t\t\t<\/div>\n\t\t\t\t\t<\/div>\n\t\t<\/div>\n\t\t\t\t\t<\/div>\n\t\t<\/section>\n\t\t\t\t<section class=\"elementor-section elementor-top-section elementor-element elementor-element-c7f7498 elementor-section-boxed elementor-section-height-default elementor-section-height-default\" data-id=\"c7f7498\" data-element_type=\"section\" data-e-type=\"section\">\n\t\t\t\t\t\t<div class=\"elementor-container elementor-column-gap-default\">\n\t\t\t\t\t<div class=\"elementor-column elementor-col-100 elementor-top-column elementor-element elementor-element-881663b\" data-id=\"881663b\" data-element_type=\"column\" data-e-type=\"column\">\n\t\t\t<div class=\"elementor-widget-wrap elementor-element-populated\">\n\t\t\t\t\t\t<div class=\"elementor-element elementor-element-bac31de elementor-widget elementor-widget-text-editor\" data-id=\"bac31de\" data-element_type=\"widget\" data-e-type=\"widget\" data-widget_type=\"text-editor.default\">\n\t\t\t\t<div class=\"elementor-widget-container\">\n\t\t\t\t\t\t\t\t\t<p><strong>Regla 11.9.2 \u2013 Aviso para aplicar el est\u00edmulo fiscal en materia del IVA en la regi\u00f3n fronteriza norte o sur <\/strong><\/p><p>Las personas f\u00edsicas o morales que opten por aplicar el est\u00edmulo fiscal en materia de IVA, deber\u00e1n presentar un aviso en t\u00e9rminos de la ficha de tr\u00e1mite 3\/DEC-12 \u201cAviso para aplicar el est\u00edmulo fiscal en materia de IVA en la regi\u00f3n fronteriza norte o sur\u201d contenida en el Anexo 1-A.<\/p><p>Las personas f\u00edsicas o morales que opten por dar de baja el est\u00edmulo fiscal en materia de IVA deber\u00e1n presentar un aviso en t\u00e9rminos de la ficha de tr\u00e1mite 4\/DEC-12 \u201cAviso para dar de baja el est\u00edmulo fiscal en materia de IVA en la regi\u00f3n fronteriza norte o sur\u201d contenida en el Anexo 1-A.<\/p><p style=\"text-align: right;\"><a href=\"https:\/\/www.sat.gob.mx\/cs\/Satellite?blobcol=urldata&amp;blobkey=id&amp;blobtable=MungoBlobs&amp;blobwhere=1461175009698&amp;ssbinary=true\" target=\"_blank\" rel=\"noopener\"><span style=\"color: #000080;\"><strong>Consulta la publicaci\u00f3n completa aqu\u00ed.<\/strong><\/span><\/a><\/p><p style=\"text-align: right;\"><a href=\"https:\/\/www.dof.gob.mx\/nota_detalle.php?codigo=5617888&amp;fecha=10\/05\/2021\" target=\"_blank\" rel=\"noopener\"><span style=\"color: #000080;\"><strong>Consulta la publicaci\u00f3n de los anexos 1-A, 3, 9, 11, 14, 15 y 29 aqu\u00ed.<\/strong><\/span><\/a><\/p>\t\t\t\t\t\t\t\t<\/div>\n\t\t\t\t<\/div>\n\t\t\t\t\t<\/div>\n\t\t<\/div>\n\t\t\t\t\t<\/div>\n\t\t<\/section>\n\t\t\t\t<section class=\"elementor-section elementor-top-section elementor-element elementor-element-c32f0d0 elementor-section-boxed elementor-section-height-default elementor-section-height-default\" data-id=\"c32f0d0\" data-element_type=\"section\" data-e-type=\"section\">\n\t\t\t\t\t\t<div class=\"elementor-container elementor-column-gap-default\">\n\t\t\t\t\t<div class=\"elementor-column elementor-col-100 elementor-top-column elementor-element elementor-element-95faec8\" data-id=\"95faec8\" data-element_type=\"column\" data-e-type=\"column\">\n\t\t\t<div class=\"elementor-widget-wrap\">\n\t\t\t\t\t\t\t<\/div>\n\t\t<\/div>\n\t\t\t\t\t<\/div>\n\t\t<\/section>\n\t\t\t\t<\/div>","protected":false},"excerpt":{"rendered":"<p>El pasado 03 de mayo, se public\u00f3 en el Diario Oficial de la Federaci\u00f3n la Primera Resoluci\u00f3n de Modificaciones a la Resoluci\u00f3n Miscel\u00e1nea Fiscal para 2021. los cambios m\u00e1s significativos en materia de Comercio Exterior son los siguientes:<\/p>","protected":false},"author":1,"featured_media":1314,"comment_status":"open","ping_status":"open","sticky":false,"template":"","format":"standard","meta":{"site-sidebar-layout":"default","site-content-layout":"default","ast-site-content-layout":"default","site-content-style":"default","site-sidebar-style":"default","ast-global-header-display":"","ast-banner-title-visibility":"","ast-main-header-display":"","ast-hfb-above-header-display":"","ast-hfb-below-header-display":"","ast-hfb-mobile-header-display":"","site-post-title":"","ast-breadcrumbs-content":"","ast-featured-img":"","footer-sml-layout":"","ast-disable-related-posts":"","theme-transparent-header-meta":"default","adv-header-id-meta":"","stick-header-meta":"","header-above-stick-meta":"","header-main-stick-meta":"","header-below-stick-meta":"","astra-migrate-meta-layouts":"default","ast-page-background-enabled":"default","ast-page-background-meta":{"desktop":{"background-color":"","background-image":"","background-repeat":"repeat","background-position":"center center","background-size":"auto","background-attachment":"scroll","background-type":"","background-media":"","overlay-type":"","overlay-color":"","overlay-opacity":"","overlay-gradient":""},"tablet":{"background-color":"","background-image":"","background-repeat":"repeat","background-position":"center center","background-size":"auto","background-attachment":"scroll","background-type":"","background-media":"","overlay-type":"","overlay-color":"","overlay-opacity":"","overlay-gradient":""},"mobile":{"background-color":"","background-image":"","background-repeat":"repeat","background-position":"center center","background-size":"auto","background-attachment":"scroll","background-type":"","background-media":"","overlay-type":"","overlay-color":"","overlay-opacity":"","overlay-gradient":""}},"ast-content-background-meta":{"desktop":{"background-color":"var(--ast-global-color-5)","background-image":"","background-repeat":"repeat","background-position":"center center","background-size":"auto","background-attachment":"scroll","background-type":"","background-media":"","overlay-type":"","overlay-color":"","overlay-opacity":"","overlay-gradient":""},"tablet":{"background-color":"var(--ast-global-color-5)","background-image":"","background-repeat":"repeat","background-position":"center center","background-size":"auto","background-attachment":"scroll","background-type":"","background-media":"","overlay-type":"","overlay-color":"","overlay-opacity":"","overlay-gradient":""},"mobile":{"background-color":"var(--ast-global-color-5)","background-image":"","background-repeat":"repeat","background-position":"center center","background-size":"auto","background-attachment":"scroll","background-type":"","background-media":"","overlay-type":"","overlay-color":"","overlay-opacity":"","overlay-gradient":""}},"footnotes":""},"categories":[12],"tags":[],"class_list":["post-1312","post","type-post","status-publish","format-standard","has-post-thumbnail","hentry","category-actualidad"],"_links":{"self":[{"href":"https:\/\/merkai.com.mx\/en\/wp-json\/wp\/v2\/posts\/1312","targetHints":{"allow":["GET"]}}],"collection":[{"href":"https:\/\/merkai.com.mx\/en\/wp-json\/wp\/v2\/posts"}],"about":[{"href":"https:\/\/merkai.com.mx\/en\/wp-json\/wp\/v2\/types\/post"}],"author":[{"embeddable":true,"href":"https:\/\/merkai.com.mx\/en\/wp-json\/wp\/v2\/users\/1"}],"replies":[{"embeddable":true,"href":"https:\/\/merkai.com.mx\/en\/wp-json\/wp\/v2\/comments?post=1312"}],"version-history":[{"count":16,"href":"https:\/\/merkai.com.mx\/en\/wp-json\/wp\/v2\/posts\/1312\/revisions"}],"predecessor-version":[{"id":1676,"href":"https:\/\/merkai.com.mx\/en\/wp-json\/wp\/v2\/posts\/1312\/revisions\/1676"}],"wp:featuredmedia":[{"embeddable":true,"href":"https:\/\/merkai.com.mx\/en\/wp-json\/wp\/v2\/media\/1314"}],"wp:attachment":[{"href":"https:\/\/merkai.com.mx\/en\/wp-json\/wp\/v2\/media?parent=1312"}],"wp:term":[{"taxonomy":"category","embeddable":true,"href":"https:\/\/merkai.com.mx\/en\/wp-json\/wp\/v2\/categories?post=1312"},{"taxonomy":"post_tag","embeddable":true,"href":"https:\/\/merkai.com.mx\/en\/wp-json\/wp\/v2\/tags?post=1312"}],"curies":[{"name":"wp","href":"https:\/\/api.w.org\/{rel}","templated":true}]}}